{"id":1465,"date":"2025-04-16T15:56:25","date_gmt":"2025-04-16T13:56:25","guid":{"rendered":"https:\/\/jasmineseghiri.fr\/?p=1465"},"modified":"2025-04-19T11:35:21","modified_gmt":"2025-04-19T09:35:21","slug":"developper-son-branding-de-marque-comprendre-et-mettre-en-pratique-2","status":"publish","type":"post","link":"https:\/\/jasmineseghiri.fr\/index.php\/2025\/04\/16\/developper-son-branding-de-marque-comprendre-et-mettre-en-pratique-2\/","title":{"rendered":"D\u00e9velopper son branding de marque : Comprendre et mettre en pratique"},"content":{"rendered":"\n<div id=\"ez-toc-container\" class=\"ez-toc-v2_0_81 counter-hierarchy ez-toc-counter ez-toc-grey ez-toc-container-direction\">\n<div class=\"ez-toc-title-container\">\n<p class=\"ez-toc-title\" style=\"cursor:inherit\">Sommaire<\/p>\n<span class=\"ez-toc-title-toggle\"><a href=\"#\" class=\"ez-toc-pull-right ez-toc-btn ez-toc-btn-xs ez-toc-btn-default ez-toc-toggle\" aria-label=\"Toggle Table of Content\"><span class=\"ez-toc-js-icon-con\"><span class=\"\"><span class=\"eztoc-hide\" style=\"display:none;\">Toggle<\/span><span class=\"ez-toc-icon-toggle-span\"><svg style=\"fill: #999;color:#999\" xmlns=\"http:\/\/www.w3.org\/2000\/svg\" class=\"list-377408\" width=\"20px\" height=\"20px\" viewBox=\"0 0 24 24\" fill=\"none\"><path d=\"M6 6H4v2h2V6zm14 0H8v2h12V6zM4 11h2v2H4v-2zm16 0H8v2h12v-2zM4 16h2v2H4v-2zm16 0H8v2h12v-2z\" fill=\"currentColor\"><\/path><\/svg><svg style=\"fill: #999;color:#999\" class=\"arrow-unsorted-368013\" xmlns=\"http:\/\/www.w3.org\/2000\/svg\" width=\"10px\" height=\"10px\" viewBox=\"0 0 24 24\" version=\"1.2\" baseProfile=\"tiny\"><path d=\"M18.2 9.3l-6.2-6.3-6.2 6.3c-.2.2-.3.4-.3.7s.1.5.3.7c.2.2.4.3.7.3h11c.3 0 .5-.1.7-.3.2-.2.3-.5.3-.7s-.1-.5-.3-.7zM5.8 14.7l6.2 6.3 6.2-6.3c.2-.2.3-.5.3-.7s-.1-.5-.3-.7c-.2-.2-.4-.3-.7-.3h-11c-.3 0-.5.1-.7.3-.2.2-.3.5-.3.7s.1.5.3.7z\"\/><\/svg><\/span><\/span><\/span><\/a><\/span><\/div>\n<nav><ul class='ez-toc-list ez-toc-list-level-1 ' ><li class='ez-toc-page-1 ez-toc-heading-level-2'><a class=\"ez-toc-link ez-toc-heading-1\" href=\"https:\/\/jasmineseghiri.fr\/index.php\/2025\/04\/16\/developper-son-branding-de-marque-comprendre-et-mettre-en-pratique-2\/#Quest-ce_que_le_branding_de_marque\" >Qu\u2019est-ce que le branding de marque ?<\/a><ul class='ez-toc-list-level-3' ><li class='ez-toc-heading-level-3'><a class=\"ez-toc-link ez-toc-heading-2\" href=\"https:\/\/jasmineseghiri.fr\/index.php\/2025\/04\/16\/developper-son-branding-de-marque-comprendre-et-mettre-en-pratique-2\/#Definition_claire_du_branding_de_marque\" >D\u00e9finition claire du branding de marque<\/a><\/li><li class='ez-toc-page-1 ez-toc-heading-level-3'><a class=\"ez-toc-link ez-toc-heading-3\" href=\"https:\/\/jasmineseghiri.fr\/index.php\/2025\/04\/16\/developper-son-branding-de-marque-comprendre-et-mettre-en-pratique-2\/#Difference_entre_branding_de_marque_et_marketing_classique\" >Diff\u00e9rence entre branding de marque et marketing classique<\/a><\/li><\/ul><\/li><li class='ez-toc-page-1 ez-toc-heading-level-2'><a class=\"ez-toc-link ez-toc-heading-4\" href=\"https:\/\/jasmineseghiri.fr\/index.php\/2025\/04\/16\/developper-son-branding-de-marque-comprendre-et-mettre-en-pratique-2\/#Limportance_du_branding_de_marque_aujourdhui\" >L\u2019importance du branding de marque aujourd\u2019hui<\/a><ul class='ez-toc-list-level-3' ><li class='ez-toc-heading-level-3'><a class=\"ez-toc-link ez-toc-heading-5\" href=\"https:\/\/jasmineseghiri.fr\/index.php\/2025\/04\/16\/developper-son-branding-de-marque-comprendre-et-mettre-en-pratique-2\/#Pourquoi_le_branding_est_devenu_essentiel_dans_un_monde_sature\" >Pourquoi le branding est devenu essentiel dans un monde satur\u00e9<\/a><\/li><li class='ez-toc-page-1 ez-toc-heading-level-3'><a class=\"ez-toc-link ez-toc-heading-6\" href=\"https:\/\/jasmineseghiri.fr\/index.php\/2025\/04\/16\/developper-son-branding-de-marque-comprendre-et-mettre-en-pratique-2\/#Se_differencier_de_la_concurrence_grace_a_sa_marque_personnelle\" >Se diff\u00e9rencier de la concurrence gr\u00e2ce \u00e0 sa marque personnelle<\/a><\/li><\/ul><\/li><li class='ez-toc-page-1 ez-toc-heading-level-2'><a class=\"ez-toc-link ez-toc-heading-7\" href=\"https:\/\/jasmineseghiri.fr\/index.php\/2025\/04\/16\/developper-son-branding-de-marque-comprendre-et-mettre-en-pratique-2\/#Le_lien_entre_branding_de_marque_et_personal_branding\" >Le lien entre branding de marque et personal branding<\/a><ul class='ez-toc-list-level-3' ><li class='ez-toc-heading-level-3'><a class=\"ez-toc-link ez-toc-heading-8\" href=\"https:\/\/jasmineseghiri.fr\/index.php\/2025\/04\/16\/developper-son-branding-de-marque-comprendre-et-mettre-en-pratique-2\/#Quest-ce_que_le_personal_branding\" >Qu\u2019est-ce que le personal branding ?<\/a><\/li><li class='ez-toc-page-1 ez-toc-heading-level-3'><a class=\"ez-toc-link ez-toc-heading-9\" href=\"https:\/\/jasmineseghiri.fr\/index.php\/2025\/04\/16\/developper-son-branding-de-marque-comprendre-et-mettre-en-pratique-2\/#Pourquoi_et_comment_le_personal_branding_influence_votre_marque_globale\" >Pourquoi et comment le personal branding influence votre marque globale ?<\/a><\/li><\/ul><\/li><li class='ez-toc-page-1 ez-toc-heading-level-2'><a class=\"ez-toc-link ez-toc-heading-10\" href=\"https:\/\/jasmineseghiri.fr\/index.php\/2025\/04\/16\/developper-son-branding-de-marque-comprendre-et-mettre-en-pratique-2\/#Les_avantages_du_personal_branding_dans_votre_carriere\" >Les avantages du personal branding dans votre carri\u00e8re<\/a><ul class='ez-toc-list-level-3' ><li class='ez-toc-heading-level-3'><a class=\"ez-toc-link ez-toc-heading-11\" href=\"https:\/\/jasmineseghiri.fr\/index.php\/2025\/04\/16\/developper-son-branding-de-marque-comprendre-et-mettre-en-pratique-2\/#Creer_des_opportunites_professionnelles_grace_au_personal_branding\" >Cr\u00e9er des opportunit\u00e9s professionnelles gr\u00e2ce au personal branding<\/a><\/li><li class='ez-toc-page-1 ez-toc-heading-level-3'><a class=\"ez-toc-link ez-toc-heading-12\" href=\"https:\/\/jasmineseghiri.fr\/index.php\/2025\/04\/16\/developper-son-branding-de-marque-comprendre-et-mettre-en-pratique-2\/#Construire_une_carriere_solide_et_coherente\" >Construire une carri\u00e8re solide et coh\u00e9rente<\/a><\/li><\/ul><\/li><li class='ez-toc-page-1 ez-toc-heading-level-2'><a class=\"ez-toc-link ez-toc-heading-13\" href=\"https:\/\/jasmineseghiri.fr\/index.php\/2025\/04\/16\/developper-son-branding-de-marque-comprendre-et-mettre-en-pratique-2\/#Comment_construire_un_branding_de_marque_efficace\" >Comment construire un branding de marque efficace ?<\/a><ul class='ez-toc-list-level-3' ><li class='ez-toc-heading-level-3'><a class=\"ez-toc-link ez-toc-heading-14\" href=\"https:\/\/jasmineseghiri.fr\/index.php\/2025\/04\/16\/developper-son-branding-de-marque-comprendre-et-mettre-en-pratique-2\/#Les_etapes_pour_construire_un_personal_branding_fort\" >Les \u00e9tapes pour construire un personal branding fort<\/a><\/li><li class='ez-toc-page-1 ez-toc-heading-level-3'><a class=\"ez-toc-link ez-toc-heading-15\" href=\"https:\/\/jasmineseghiri.fr\/index.php\/2025\/04\/16\/developper-son-branding-de-marque-comprendre-et-mettre-en-pratique-2\/#Strategie_de_contenu_ton_et_image_de_marque_coherente\" >Strat\u00e9gie de contenu, ton et image de marque coh\u00e9rente<\/a><\/li><\/ul><\/li><li class='ez-toc-page-1 ez-toc-heading-level-2'><a class=\"ez-toc-link ez-toc-heading-16\" href=\"https:\/\/jasmineseghiri.fr\/index.php\/2025\/04\/16\/developper-son-branding-de-marque-comprendre-et-mettre-en-pratique-2\/#Developper_sa_marque_personnelle_sur_les_reseaux_sociaux\" >D\u00e9velopper sa marque personnelle sur les r\u00e9seaux sociaux<\/a><ul class='ez-toc-list-level-3' ><li class='ez-toc-heading-level-3'><a class=\"ez-toc-link ez-toc-heading-17\" href=\"https:\/\/jasmineseghiri.fr\/index.php\/2025\/04\/16\/developper-son-branding-de-marque-comprendre-et-mettre-en-pratique-2\/#Pourquoi_LinkedIn_est_une_plateforme_incontournable\" >Pourquoi LinkedIn est une plateforme incontournable ?<\/a><\/li><li class='ez-toc-page-1 ez-toc-heading-level-3'><a class=\"ez-toc-link ez-toc-heading-18\" href=\"https:\/\/jasmineseghiri.fr\/index.php\/2025\/04\/16\/developper-son-branding-de-marque-comprendre-et-mettre-en-pratique-2\/#Comment_utiliser_les_autres_reseaux_sociaux_intelligemment\" >Comment utiliser les autres r\u00e9seaux sociaux intelligemment ?<\/a><\/li><\/ul><\/li><li class='ez-toc-page-1 ez-toc-heading-level-2'><a class=\"ez-toc-link ez-toc-heading-19\" href=\"https:\/\/jasmineseghiri.fr\/index.php\/2025\/04\/16\/developper-son-branding-de-marque-comprendre-et-mettre-en-pratique-2\/#Comment_utiliser_le_personal_branding_pour_se_differencier\" >Comment utiliser le personal branding pour se diff\u00e9rencier ?<\/a><ul class='ez-toc-list-level-3' ><li class='ez-toc-heading-level-3'><a class=\"ez-toc-link ez-toc-heading-20\" href=\"https:\/\/jasmineseghiri.fr\/index.php\/2025\/04\/16\/developper-son-branding-de-marque-comprendre-et-mettre-en-pratique-2\/#Sortir_du_lot_grace_a_sa_singularite\" >Sortir du lot gr\u00e2ce \u00e0 sa singularit\u00e9<\/a><\/li><li class='ez-toc-page-1 ez-toc-heading-level-3'><a class=\"ez-toc-link ez-toc-heading-21\" href=\"https:\/\/jasmineseghiri.fr\/index.php\/2025\/04\/16\/developper-son-branding-de-marque-comprendre-et-mettre-en-pratique-2\/#Se_positionner_comme_expert_dans_son_domaine\" >Se positionner comme expert dans son domaine<\/a><\/li><\/ul><\/li><li class='ez-toc-page-1 ez-toc-heading-level-2'><a class=\"ez-toc-link ez-toc-heading-22\" href=\"https:\/\/jasmineseghiri.fr\/index.php\/2025\/04\/16\/developper-son-branding-de-marque-comprendre-et-mettre-en-pratique-2\/#Construire_un_personal_branding_authentique\" >Construire un personal branding authentique<\/a><ul class='ez-toc-list-level-3' ><li class='ez-toc-heading-level-3'><a class=\"ez-toc-link ez-toc-heading-23\" href=\"https:\/\/jasmineseghiri.fr\/index.php\/2025\/04\/16\/developper-son-branding-de-marque-comprendre-et-mettre-en-pratique-2\/#Pourquoi_lauthenticite_est_essentielle\" >Pourquoi l\u2019authenticit\u00e9 est essentielle ?<\/a><\/li><li class='ez-toc-page-1 ez-toc-heading-level-3'><a class=\"ez-toc-link ez-toc-heading-24\" href=\"https:\/\/jasmineseghiri.fr\/index.php\/2025\/04\/16\/developper-son-branding-de-marque-comprendre-et-mettre-en-pratique-2\/#Comment_incarner_une_marque_qui_vous_ressemble\" >Comment incarner une marque qui vous ressemble ?<\/a><\/li><\/ul><\/li><li class='ez-toc-page-1 ez-toc-heading-level-2'><a class=\"ez-toc-link ez-toc-heading-25\" href=\"https:\/\/jasmineseghiri.fr\/index.php\/2025\/04\/16\/developper-son-branding-de-marque-comprendre-et-mettre-en-pratique-2\/#Exemples_inspirants_de_personal_branding_reussi\" >Exemples inspirants de personal branding r\u00e9ussi<\/a><ul class='ez-toc-list-level-3' ><li class='ez-toc-heading-level-3'><a class=\"ez-toc-link ez-toc-heading-26\" href=\"https:\/\/jasmineseghiri.fr\/index.php\/2025\/04\/16\/developper-son-branding-de-marque-comprendre-et-mettre-en-pratique-2\/#Exemples_de_professionnels_qui_se_sont_demarques\" >Exemples de professionnels qui se sont d\u00e9marqu\u00e9s<\/a><\/li><li class='ez-toc-page-1 ez-toc-heading-level-3'><a class=\"ez-toc-link ez-toc-heading-27\" href=\"https:\/\/jasmineseghiri.fr\/index.php\/2025\/04\/16\/developper-son-branding-de-marque-comprendre-et-mettre-en-pratique-2\/#Ce_quon_peut_apprendre_de_leur_approche\" >Ce qu\u2019on peut apprendre de leur approche<\/a><\/li><\/ul><\/li><li class='ez-toc-page-1 ez-toc-heading-level-2'><a class=\"ez-toc-link ez-toc-heading-28\" href=\"https:\/\/jasmineseghiri.fr\/index.php\/2025\/04\/16\/developper-son-branding-de-marque-comprendre-et-mettre-en-pratique-2\/#Strategie_de_personal_branding_construire_pour_durer\" >Strat\u00e9gie de personal branding : construire pour durer<\/a><ul class='ez-toc-list-level-3' ><li class='ez-toc-heading-level-3'><a class=\"ez-toc-link ez-toc-heading-29\" href=\"https:\/\/jasmineseghiri.fr\/index.php\/2025\/04\/16\/developper-son-branding-de-marque-comprendre-et-mettre-en-pratique-2\/#Les_piliers_dune_strategie_solide\" >Les piliers d\u2019une strat\u00e9gie solide<\/a><\/li><li class='ez-toc-page-1 ez-toc-heading-level-3'><a class=\"ez-toc-link ez-toc-heading-30\" href=\"https:\/\/jasmineseghiri.fr\/index.php\/2025\/04\/16\/developper-son-branding-de-marque-comprendre-et-mettre-en-pratique-2\/#Eviter_les_erreurs_classiques\" >\u00c9viter les erreurs classiques<\/a><\/li><\/ul><\/li><li class='ez-toc-page-1 ez-toc-heading-level-2'><a class=\"ez-toc-link ez-toc-heading-31\" href=\"https:\/\/jasmineseghiri.fr\/index.php\/2025\/04\/16\/developper-son-branding-de-marque-comprendre-et-mettre-en-pratique-2\/#Les_etapes_concretes_pour_construire_son_personal_branding\" >Les \u00e9tapes concr\u00e8tes pour construire son personal branding<\/a><ul class='ez-toc-list-level-3' ><li class='ez-toc-heading-level-3'><a class=\"ez-toc-link ez-toc-heading-32\" href=\"https:\/\/jasmineseghiri.fr\/index.php\/2025\/04\/16\/developper-son-branding-de-marque-comprendre-et-mettre-en-pratique-2\/#Etapes_pour_construire_votre_personal_branding\" >\u00c9tapes pour construire votre personal branding<\/a><\/li><\/ul><\/li><li class='ez-toc-page-1 ez-toc-heading-level-2'><a class=\"ez-toc-link ez-toc-heading-33\" href=\"https:\/\/jasmineseghiri.fr\/index.php\/2025\/04\/16\/developper-son-branding-de-marque-comprendre-et-mettre-en-pratique-2\/#Differencier_sa_marque_personnelle_de_la_concurrence\" >Diff\u00e9rencier sa marque personnelle de la concurrence<\/a><ul class='ez-toc-list-level-3' ><li class='ez-toc-heading-level-3'><a class=\"ez-toc-link ez-toc-heading-34\" href=\"https:\/\/jasmineseghiri.fr\/index.php\/2025\/04\/16\/developper-son-branding-de-marque-comprendre-et-mettre-en-pratique-2\/#Definir_sa_valeur_ajoutee\" >D\u00e9finir sa valeur ajout\u00e9e<\/a><\/li><li class='ez-toc-page-1 ez-toc-heading-level-3'><a class=\"ez-toc-link ez-toc-heading-35\" href=\"https:\/\/jasmineseghiri.fr\/index.php\/2025\/04\/16\/developper-son-branding-de-marque-comprendre-et-mettre-en-pratique-2\/#Construire_une_proposition_de_valeur_claire\" >Construire une proposition de valeur claire<\/a><\/li><\/ul><\/li><li class='ez-toc-page-1 ez-toc-heading-level-2'><a class=\"ez-toc-link ez-toc-heading-36\" href=\"https:\/\/jasmineseghiri.fr\/index.php\/2025\/04\/16\/developper-son-branding-de-marque-comprendre-et-mettre-en-pratique-2\/#Comment_mesurer_lefficacite_de_son_branding_de_marque\" >Comment mesurer l\u2019efficacit\u00e9 de son branding de marque ?<\/a><ul class='ez-toc-list-level-3' ><li class='ez-toc-heading-level-3'><a class=\"ez-toc-link ez-toc-heading-37\" href=\"https:\/\/jasmineseghiri.fr\/index.php\/2025\/04\/16\/developper-son-branding-de-marque-comprendre-et-mettre-en-pratique-2\/#Indicateurs_a_suivre\" >Indicateurs \u00e0 suivre<\/a><\/li><li class='ez-toc-page-1 ez-toc-heading-level-3'><a class=\"ez-toc-link ez-toc-heading-38\" href=\"https:\/\/jasmineseghiri.fr\/index.php\/2025\/04\/16\/developper-son-branding-de-marque-comprendre-et-mettre-en-pratique-2\/#Outils_utiles_pour_analyser_votre_branding\" >Outils utiles pour analyser votre branding<\/a><\/li><\/ul><\/li><li class='ez-toc-page-1 ez-toc-heading-level-2'><a class=\"ez-toc-link ez-toc-heading-39\" href=\"https:\/\/jasmineseghiri.fr\/index.php\/2025\/04\/16\/developper-son-branding-de-marque-comprendre-et-mettre-en-pratique-2\/#Conclusion_devenez_votre_propre_marque\" >Conclusion : devenez votre propre marque<\/a><\/li><li class='ez-toc-page-1 ez-toc-heading-level-2'><a class=\"ez-toc-link ez-toc-heading-40\" href=\"https:\/\/jasmineseghiri.fr\/index.php\/2025\/04\/16\/developper-son-branding-de-marque-comprendre-et-mettre-en-pratique-2\/#FAQ_Questions_frequentes_sur_le_personal_branding\" >FAQ : Questions fr\u00e9quentes sur le personal branding<\/a><\/li><\/ul><\/nav><\/div>\n<h2 class=\"wp-block-heading\"><span class=\"ez-toc-section\" id=\"Quest-ce_que_le_branding_de_marque\"><\/span><strong>Qu\u2019est-ce que le branding de marque ?<\/strong><span class=\"ez-toc-section-end\"><\/span><\/h2>\n\n\n\n<p>Avant de construire une strat\u00e9gie, il est essentiel de comprendre ce que signifie r\u00e9ellement le <strong>branding de marque<\/strong>. Trop souvent r\u00e9duit \u00e0 des \u00e9l\u00e9ments visuels, le branding va bien au-del\u00e0. Il s\u2019agit d\u2019un outil strat\u00e9gique puissant qui permet de fa\u00e7onner la perception qu\u2019a le public d\u2019une entreprise ou d\u2019une personne. Comprendre les fondamentaux du branding est le point de d\u00e9part pour b\u00e2tir une pr\u00e9sence forte et coh\u00e9rente.<\/p>\n\n\n\n<h3 class=\"wp-block-heading\"><span class=\"ez-toc-section\" id=\"Definition_claire_du_branding_de_marque\"><\/span><strong>D\u00e9finition claire <\/strong>du branding de marque<span class=\"ez-toc-section-end\"><\/span><\/h3>\n\n\n\n<p>Le branding de marque correspond \u00e0 l\u2019ensemble des actions mises en \u0153uvre pour cr\u00e9er une image sp\u00e9cifique et m\u00e9morable d\u2019une marque. Cela inclut l\u2019identit\u00e9 visuelle (logo, couleurs, typographie), le ton de communication, les valeurs, la mission, l\u2019exp\u00e9rience client, et m\u00eame les \u00e9motions que la marque \u00e9voque. En r\u00e9sum\u00e9, c\u2019est la <strong>personnalit\u00e9 de votre entreprise ou de vous-m\u00eame<\/strong>, per\u00e7ue par les autres.<\/p>\n\n\n\n<p>Il est crucial de se poser les bonnes questions : qui suis-je ? Que repr\u00e9sente ma marque ? Quelle image je veux projeter ? Cette introspection est la premi\u00e8re \u00e9tape vers un branding r\u00e9ussi.<\/p>\n\n\n\n<h3 class=\"wp-block-heading\"><span class=\"ez-toc-section\" id=\"Difference_entre_branding_de_marque_et_marketing_classique\"><\/span><strong>Diff\u00e9rence entre branding de marque et marketing classique<\/strong><span class=\"ez-toc-section-end\"><\/span><\/h3>\n\n\n\n<p>Souvent confondus, branding et marketing sont pourtant deux choses bien distinctes. Le marketing est un ensemble d\u2019outils et de techniques pour vendre, tandis que le branding est l\u2019essence de votre identit\u00e9. Sans branding, votre marketing peut manquer d\u2019\u00e2me, de direction, de coh\u00e9rence.<\/p>\n\n\n\n<p>Prenons l\u2019exemple d\u2019une entreprise : elle peut lancer une campagne marketing efficace avec un bon retour sur investissement, mais sans une identit\u00e9 de marque forte, les r\u00e9sultats ne dureront pas. Le branding donne une coh\u00e9rence \u00e0 toutes vos actions marketing, et <strong>ancre votre image dans l\u2019esprit des consommateurs<\/strong>.<\/p>\n\n\n\n<hr class=\"wp-block-separator has-alpha-channel-opacity\"\/>\n\n\n\n<h2 class=\"wp-block-heading\"><span class=\"ez-toc-section\" id=\"Limportance_du_branding_de_marque_aujourdhui\"><\/span><strong>L\u2019importance du branding de marque aujourd\u2019hui<\/strong><span class=\"ez-toc-section-end\"><\/span><\/h2>\n\n\n\n<p>Dans un monde o\u00f9 l\u2019information circule \u00e0 toute vitesse et o\u00f9 la concurrence est f\u00e9roce, <strong>avoir une image de marque forte n\u2019est plus une option, c\u2019est une n\u00e9cessit\u00e9<\/strong>. Le branding n\u2019est pas r\u00e9serv\u00e9 aux grandes entreprises : m\u00eame un freelance, une start-up, ou un professionnel en recherche d\u2019emploi peut (et doit) construire son image de marque.<\/p>\n\n\n\n<h3 class=\"wp-block-heading\"><span class=\"ez-toc-section\" id=\"Pourquoi_le_branding_est_devenu_essentiel_dans_un_monde_sature\"><\/span><strong>Pourquoi le branding est devenu essentiel dans un monde satur\u00e9<\/strong><span class=\"ez-toc-section-end\"><\/span><\/h3>\n\n\n\n<p>Nous vivons dans une \u00e9poque d\u2019hyperconnexion, o\u00f9 chaque individu est expos\u00e9 \u00e0 des centaines de messages chaque jour. Pour capter l\u2019attention, il faut <strong>sortir du bruit ambiant<\/strong>, et cela passe par un branding distinctif.<\/p>\n\n\n\n<p>Le consommateur moderne ne se contente plus d\u2019acheter un produit ou un service : il veut <strong>s\u2019identifier \u00e0 une marque<\/strong>, partager ses valeurs, \u00eatre inspir\u00e9. Un bon branding raconte une histoire, cr\u00e9e une \u00e9motion, et permet une fid\u00e9lisation bien plus profonde que n\u2019importe quelle publicit\u00e9.<\/p>\n\n\n\n<p>Exemple concret : des marques comme Patagonia, Nike ou Innocent ont su se d\u00e9marquer non pas uniquement par leurs produits, mais par <strong>les valeurs qu\u2019elles incarnent<\/strong>, et l\u2019authenticit\u00e9 de leur discours.<\/p>\n\n\n\n<h3 class=\"wp-block-heading\"><span class=\"ez-toc-section\" id=\"Se_differencier_de_la_concurrence_grace_a_sa_marque_personnelle\"><\/span><strong>Se diff\u00e9rencier de la concurrence gr\u00e2ce \u00e0 sa marque personnelle<\/strong><span class=\"ez-toc-section-end\"><\/span><\/h3>\n\n\n\n<p>\u00c0 comp\u00e9tences \u00e9gales, c\u2019est souvent <strong>l\u2019image per\u00e7ue<\/strong> qui fait la diff\u00e9rence. Avoir une marque personnelle bien d\u00e9finie permet de <strong>mettre en avant vos sp\u00e9cificit\u00e9s<\/strong>, vos valeurs, votre personnalit\u00e9 professionnelle. Cela vous positionne de mani\u00e8re unique face \u00e0 la concurrence.<\/p>\n\n\n\n<p>La marque personnelle vous donne l\u2019occasion de <strong>vous raconter<\/strong>, de donner du sens \u00e0 votre parcours, et d\u2019humaniser votre message. En mettant en avant ce que vous \u00eates, ce qui vous anime, vous cr\u00e9ez un lien \u00e9motionnel fort avec votre audience ou vos prospects.<\/p>\n\n\n\n<hr class=\"wp-block-separator has-alpha-channel-opacity\"\/>\n\n\n\n<h2 class=\"wp-block-heading\"><span class=\"ez-toc-section\" id=\"Le_lien_entre_branding_de_marque_et_personal_branding\"><\/span><strong>Le lien entre branding de marque et personal branding<\/strong><span class=\"ez-toc-section-end\"><\/span><\/h2>\n\n\n\n<p>Le branding de marque et le <strong>personal branding<\/strong> ne sont pas deux notions oppos\u00e9es. Au contraire, ils se compl\u00e8tent parfaitement, surtout \u00e0 l\u2019\u00e8re des r\u00e9seaux sociaux. Le personal branding est une extension de votre branding global, et dans certains cas (freelances, dirigeants, experts), il en devient m\u00eame la base.<\/p>\n\n\n\n<h3 class=\"wp-block-heading\"><span class=\"ez-toc-section\" id=\"Quest-ce_que_le_personal_branding\"><\/span><strong>Qu\u2019est-ce que le personal branding ?<\/strong><span class=\"ez-toc-section-end\"><\/span><\/h3>\n\n\n\n<p>Le personal branding est le processus qui consiste \u00e0 construire et \u00e0 promouvoir votre <strong>propre image en tant qu\u2019individu professionnel<\/strong>. Cela repose sur la mise en valeur de vos comp\u00e9tences, de vos r\u00e9ussites, de votre personnalit\u00e9 et de vos valeurs.<\/p>\n\n\n\n<p>Dans un march\u00e9 du travail ultra concurrentiel, c\u2019est un outil redoutable pour <strong>sortir du lot<\/strong>, attirer les bonnes opportunit\u00e9s et construire une carri\u00e8re \u00e0 votre image. Il ne s\u2019agit pas de se vendre, mais plut\u00f4t de <strong>faire conna\u00eetre votre valeur ajout\u00e9e<\/strong>, avec coh\u00e9rence et authenticit\u00e9.<\/p>\n\n\n\n<h3 class=\"wp-block-heading\"><span class=\"ez-toc-section\" id=\"Pourquoi_et_comment_le_personal_branding_influence_votre_marque_globale\"><\/span><strong>Pourquoi et comment le personal branding influence votre marque globale ?<\/strong><span class=\"ez-toc-section-end\"><\/span><\/h3>\n\n\n\n<p>Votre personal branding influe directement sur la <strong>notori\u00e9t\u00e9 et la cr\u00e9dibilit\u00e9 de votre activit\u00e9 professionnelle<\/strong>. En soignant votre image personnelle, vous renforcez naturellement la confiance dans vos produits, vos services, ou votre entreprise.<\/p>\n\n\n\n<p>Par exemple, un coach en d\u00e9veloppement personnel qui partage ses conseils de mani\u00e8re authentique sur Instagram ou LinkedIn inspire la confiance. Son expertise, sa mani\u00e8re de s\u2019exprimer, et la coh\u00e9rence de son discours renforcent son branding global.<\/p>\n\n\n\n<p>Utiliser son personal branding, c\u2019est <strong>mettre un visage sur une marque<\/strong>, et dans une \u00e9poque o\u00f9 l\u2019humain est au c\u0153ur de la relation client, c\u2019est un avantage strat\u00e9gique \u00e9norme.<\/p>\n\n\n\n<hr class=\"wp-block-separator has-alpha-channel-opacity\"\/>\n\n\n\n<h2 class=\"wp-block-heading\"><span class=\"ez-toc-section\" id=\"Les_avantages_du_personal_branding_dans_votre_carriere\"><\/span><strong>Les avantages du personal branding dans votre carri\u00e8re<\/strong><span class=\"ez-toc-section-end\"><\/span><\/h2>\n\n\n\n<p>Le personal branding est bien plus qu\u2019une tendance. Il s\u2019agit d\u2019une strat\u00e9gie long terme pour <strong>piloter votre carri\u00e8re selon vos propres r\u00e8gles<\/strong>, au lieu de la subir. Il vous rend visible, vous positionne comme expert, et vous diff\u00e9rencie naturellement.<\/p>\n\n\n\n<h3 class=\"wp-block-heading\"><span class=\"ez-toc-section\" id=\"Creer_des_opportunites_professionnelles_grace_au_personal_branding\"><\/span><strong>Cr\u00e9er des opportunit\u00e9s professionnelles gr\u00e2ce au personal branding<\/strong><span class=\"ez-toc-section-end\"><\/span><\/h3>\n\n\n\n<p>Quand votre marque personnelle est bien construite, elle attire naturellement les <strong>opportunit\u00e9s professionnelles<\/strong> : propositions de postes, demandes de collaboration, conf\u00e9rences, coaching, consulting, etc. Vous devenez <strong>une r\u00e9f\u00e9rence dans votre secteur<\/strong>.<\/p>\n\n\n\n<p>Prenons un exemple : une experte RH qui publie r\u00e9guli\u00e8rement des conseils sur LinkedIn, partage son quotidien, ses r\u00e9ussites, ses \u00e9checs, devient visible. Elle attire l\u2019attention des recruteurs, des m\u00e9dias, voire m\u00eame des \u00e9diteurs. Tout cela, sans chercher, mais en <strong>\u00e9tant simplement elle-m\u00eame, avec strat\u00e9gie<\/strong>.<\/p>\n\n\n\n<p>Le personal branding permet \u00e9galement de <strong>cr\u00e9er un r\u00e9seau solide<\/strong>, bas\u00e9 sur la confiance et la reconnaissance mutuelle. Et dans un monde o\u00f9 le r\u00e9seau est roi, c\u2019est un atout inestimable.<\/p>\n\n\n\n<h3 class=\"wp-block-heading\"><span class=\"ez-toc-section\" id=\"Construire_une_carriere_solide_et_coherente\"><\/span><strong>Construire une carri\u00e8re solide et coh\u00e9rente<\/strong><span class=\"ez-toc-section-end\"><\/span><\/h3>\n\n\n\n<p>Au lieu de suivre un parcours dict\u00e9 par les opportunit\u00e9s ext\u00e9rieures, le personal branding vous aide \u00e0 <strong>prendre la main sur votre trajectoire<\/strong>. Vous choisissez ce que vous voulez repr\u00e9senter, le message que vous voulez faire passer, et les valeurs que vous portez.<\/p>\n\n\n\n<p>Cela vous permet d\u2019avoir une <strong>carri\u00e8re align\u00e9e avec qui vous \u00eates vraiment<\/strong>, et donc plus \u00e9panouissante, plus coh\u00e9rente, et plus durable. Vous devenez acteur de votre d\u00e9veloppement professionnel, au lieu d\u2019attendre que les autres vous remarquent.<\/p>\n\n\n\n<p>Un bon personal branding, c\u2019est aussi une <strong>boussole dans les p\u00e9riodes de transition<\/strong> : reconversion, lancement d\u2019activit\u00e9, changement de secteur\u2026 Il vous donne un fil rouge et rassure votre audience, car votre identit\u00e9 reste forte malgr\u00e9 les changements.<\/p>\n\n\n\n<hr class=\"wp-block-separator has-alpha-channel-opacity\"\/>\n\n\n\n<h2 class=\"wp-block-heading\"><span class=\"ez-toc-section\" id=\"Comment_construire_un_branding_de_marque_efficace\"><\/span><strong>Comment construire un branding de marque efficace ?<\/strong><span class=\"ez-toc-section-end\"><\/span><\/h2>\n\n\n\n<p>Cr\u00e9er une marque forte et durable ne se fait pas en un jour. C\u2019est un processus r\u00e9fl\u00e9chi, qui demande de la strat\u00e9gie, de la constance, et une bonne dose d\u2019introspection. Voici les <strong>fondations indispensables<\/strong> pour d\u00e9velopper un branding qui a du sens et de l\u2019impact.<\/p>\n\n\n\n<h3 class=\"wp-block-heading\"><span class=\"ez-toc-section\" id=\"Les_etapes_pour_construire_un_personal_branding_fort\"><\/span><strong>Les \u00e9tapes pour construire un personal branding fort<\/strong><span class=\"ez-toc-section-end\"><\/span><\/h3>\n\n\n\n<p>Pour b\u00e2tir un personal branding solide, commencez par poser les bases :<\/p>\n\n\n\n<ol class=\"wp-block-list\">\n<li><strong>Connaissance de soi<\/strong> : identifiez vos valeurs, votre mission, ce qui vous rend unique.<\/li>\n\n\n\n<li><strong>Ciblage clair<\/strong> : \u00e0 qui vous adressez-vous ? Que cherchent-ils ? Comment pouvez-vous r\u00e9pondre \u00e0 leurs besoins ?<\/li>\n\n\n\n<li><strong>Message central<\/strong> : d\u00e9veloppez un message clair, authentique, et facilement m\u00e9morisable.<\/li>\n\n\n\n<li><strong>Coh\u00e9rence visuelle et verbale<\/strong> : adoptez un style visuel et une tonalit\u00e9 coh\u00e9rente sur tous vos supports.<\/li>\n\n\n\n<li><strong>Pr\u00e9sence digitale active<\/strong> : soyez visible sur les bons r\u00e9seaux (LinkedIn, Instagram, site web\u2026).<\/li>\n\n\n\n<li><strong>Cr\u00e9ation de contenu<\/strong> : partagez votre expertise, vos id\u00e9es, vos conseils.<\/li>\n\n\n\n<li><strong>Engagement communautaire<\/strong> : interagissez, r\u00e9pondez, \u00e9changez avec votre communaut\u00e9.<\/li>\n<\/ol>\n\n\n\n<h3 class=\"wp-block-heading\"><span class=\"ez-toc-section\" id=\"Strategie_de_contenu_ton_et_image_de_marque_coherente\"><\/span><strong>Strat\u00e9gie de contenu, ton et image de marque coh\u00e9rente<\/strong><span class=\"ez-toc-section-end\"><\/span><\/h3>\n\n\n\n<p>Une fois les bases pos\u00e9es, il faut construire une strat\u00e9gie de contenu qui refl\u00e8te votre branding. Choisissez les canaux adapt\u00e9s : LinkedIn pour le professionnel, Instagram pour le visuel, un blog pour la profondeur\u2026<\/p>\n\n\n\n<p>Utilisez un ton adapt\u00e9 \u00e0 votre audience et \u00e0 votre personnalit\u00e9. Vous \u00eates s\u00e9rieux ? Humour l\u00e9ger ? Inspirant ? Ce ton doit \u00eatre <strong>reconnaissable et constant<\/strong>.<\/p>\n\n\n\n<p>Enfin, votre image de marque passe aussi par l\u2019aspect visuel : couleurs, polices, visuels, photos\u2026 Cr\u00e9ez un univers reconnaissable qui appuie votre discours et <strong>renforce votre cr\u00e9dibilit\u00e9<\/strong>.<\/p>\n\n\n\n<h2 class=\"wp-block-heading\"><span class=\"ez-toc-section\" id=\"Developper_sa_marque_personnelle_sur_les_reseaux_sociaux\"><\/span><strong>D\u00e9velopper sa marque personnelle sur les r\u00e9seaux sociaux<\/strong><span class=\"ez-toc-section-end\"><\/span><\/h2>\n\n\n\n<p>Aujourd\u2019hui, impossible de parler de branding sans \u00e9voquer les <strong>r\u00e9seaux sociaux<\/strong>, devenus des vitrines incontournables pour se faire conna\u00eetre, valoriser son expertise, et tisser une communaut\u00e9 autour de sa marque personnelle. Que vous soyez freelance, salari\u00e9 ou entrepreneur, les r\u00e9seaux sont votre tremplin pour construire une image professionnelle forte et durable.<\/p>\n\n\n\n<h3 class=\"wp-block-heading\"><span class=\"ez-toc-section\" id=\"Pourquoi_LinkedIn_est_une_plateforme_incontournable\"><\/span><strong>Pourquoi LinkedIn est une plateforme incontournable ?<\/strong><span class=\"ez-toc-section-end\"><\/span><\/h3>\n\n\n\n<p>S\u2019il y a bien une plateforme \u00e0 ne pas n\u00e9gliger dans votre strat\u00e9gie de personal branding, c\u2019est <strong>LinkedIn<\/strong>. Avec plus de 25 millions d\u2019utilisateurs en France, c\u2019est le r\u00e9seau professionnel par excellence. LinkedIn vous permet de <strong>montrer votre expertise<\/strong>, partager vos r\u00e9flexions, vos r\u00e9ussites, mais aussi de cr\u00e9er des connexions utiles \u00e0 votre carri\u00e8re.<\/p>\n\n\n\n<p>En publiant r\u00e9guli\u00e8rement, vous gagnez en visibilit\u00e9, vous renforcez votre cr\u00e9dibilit\u00e9, et vous attirez des opportunit\u00e9s. Un profil bien optimis\u00e9, avec une photo professionnelle, un r\u00e9sum\u00e9 accrocheur, et des recommandations solides peut faire toute la diff\u00e9rence.<\/p>\n\n\n\n<p>Mais attention, il ne s\u2019agit pas seulement de publier pour publier. L\u2019important, c\u2019est la <strong>coh\u00e9rence de votre message<\/strong>, la <strong>valeur que vous apportez<\/strong>, et la <strong>connexion humaine que vous cr\u00e9ez<\/strong> avec votre audience.<\/p>\n\n\n\n<h3 class=\"wp-block-heading\"><span class=\"ez-toc-section\" id=\"Comment_utiliser_les_autres_reseaux_sociaux_intelligemment\"><\/span><strong>Comment utiliser les autres r\u00e9seaux sociaux intelligemment ?<\/strong><span class=\"ez-toc-section-end\"><\/span><\/h3>\n\n\n\n<p>Chaque r\u00e9seau a sa sp\u00e9cificit\u00e9. Instagram est parfait pour le visuel, l\u2019authenticit\u00e9 et le storytelling en image. Twitter pour la r\u00e9activit\u00e9, les r\u00e9flexions rapides, l\u2019opinion. TikTok pour la viralit\u00e9 et la spontan\u00e9it\u00e9. YouTube pour le contenu long et l\u2019autorit\u00e9.<\/p>\n\n\n\n<p>L\u2019important, c\u2019est de ne pas \u00eatre partout, mais <strong>d\u2019\u00eatre pr\u00e9sent l\u00e0 o\u00f9 se trouve votre audience<\/strong>, et d\u2019adapter votre contenu \u00e0 chaque canal. Un coach sportif n\u2019aura pas la m\u00eame strat\u00e9gie qu\u2019un avocat d\u2019affaires ou un consultant marketing.<\/p>\n\n\n\n<p>Utilisez des formats vari\u00e9s : vid\u00e9os, carrousels, citations, lives\u2026 et surtout, interagissez. Posez des questions, r\u00e9pondez aux commentaires, cr\u00e9ez une vraie relation avec votre communaut\u00e9. C\u2019est cette interaction qui fera grandir votre <strong>marque personnelle<\/strong>.<\/p>\n\n\n\n<hr class=\"wp-block-separator has-alpha-channel-opacity\"\/>\n\n\n\n<h2 class=\"wp-block-heading\"><span class=\"ez-toc-section\" id=\"Comment_utiliser_le_personal_branding_pour_se_differencier\"><\/span><strong>Comment utiliser le personal branding pour se diff\u00e9rencier ?<\/strong><span class=\"ez-toc-section-end\"><\/span><\/h2>\n\n\n\n<p>Sur un march\u00e9 o\u00f9 les offres se ressemblent et o\u00f9 la concurrence est rude, <strong>le personal branding devient une arme redoutable<\/strong> pour se d\u00e9marquer. Votre personnalit\u00e9, vos exp\u00e9riences, votre regard unique sont autant d\u2019atouts pour construire une image inimitable.<\/p>\n\n\n\n<h3 class=\"wp-block-heading\"><span class=\"ez-toc-section\" id=\"Sortir_du_lot_grace_a_sa_singularite\"><\/span><strong>Sortir du lot gr\u00e2ce \u00e0 sa singularit\u00e9<\/strong><span class=\"ez-toc-section-end\"><\/span><\/h3>\n\n\n\n<p>Se diff\u00e9rencier ne veut pas dire choquer ou faire du buzz. Cela signifie <strong>affirmer son identit\u00e9<\/strong>, mettre en avant ce qui vous rend unique. Cela peut \u00eatre votre parcours atypique, votre vision du m\u00e9tier, votre fa\u00e7on de r\u00e9soudre des probl\u00e8mes, ou encore votre style de communication.<\/p>\n\n\n\n<p>Le branding de marque vous permet de transformer vos diff\u00e9rences en <strong>forces strat\u00e9giques<\/strong>. C\u2019est en acceptant votre singularit\u00e9 et en la valorisant que vous parviendrez \u00e0 captiver une audience fid\u00e8le et engag\u00e9e.<\/p>\n\n\n\n<p>Exemple : une avocate qui explique le droit en vid\u00e9os humoristiques sur TikTok attire l\u2019attention non seulement par son expertise, mais par <strong>sa mani\u00e8re originale et humaine de la transmettre<\/strong>.<\/p>\n\n\n\n<h3 class=\"wp-block-heading\"><span class=\"ez-toc-section\" id=\"Se_positionner_comme_expert_dans_son_domaine\"><\/span><strong>Se positionner comme expert dans son domaine<\/strong><span class=\"ez-toc-section-end\"><\/span><\/h3>\n\n\n\n<p>Le personal branding vous aide \u00e0 construire un <strong>positionnement clair<\/strong> : vous devenez un rep\u00e8re dans votre secteur, une source d\u2019information cr\u00e9dible et r\u00e9guli\u00e8re.<\/p>\n\n\n\n<p>En partageant vos connaissances, vos exp\u00e9riences, en prenant la parole sur des sujets de fond, vous construisez petit \u00e0 petit votre <strong>autorit\u00e9 naturelle<\/strong>. Cela renforce la confiance et la l\u00e9gitimit\u00e9 aux yeux de vos prospects, recruteurs ou partenaires.<\/p>\n\n\n\n<p>L\u2019objectif est de <strong>cr\u00e9er de la valeur avant de vendre<\/strong>, de montrer votre expertise avant de l\u2019imposer. Cette d\u00e9marche \u00e0 long terme est bien plus puissante qu\u2019une strat\u00e9gie publicitaire classique.<\/p>\n\n\n\n<hr class=\"wp-block-separator has-alpha-channel-opacity\"\/>\n\n\n\n<h2 class=\"wp-block-heading\"><span class=\"ez-toc-section\" id=\"Construire_un_personal_branding_authentique\"><\/span><strong>Construire un personal branding authentique<\/strong><span class=\"ez-toc-section-end\"><\/span><\/h2>\n\n\n\n<p>L\u2019un des pi\u00e8ges du personal branding, c\u2019est de vouloir <strong>jouer un r\u00f4le<\/strong> ou <strong>copier des mod\u00e8les<\/strong> qui ne nous ressemblent pas. Pourtant, l\u2019authenticit\u00e9 est la cl\u00e9 pour \u00e9tablir une relation sinc\u00e8re et durable avec votre audience.<\/p>\n\n\n\n<h3 class=\"wp-block-heading\"><span class=\"ez-toc-section\" id=\"Pourquoi_lauthenticite_est_essentielle\"><\/span><strong>Pourquoi l\u2019authenticit\u00e9 est essentielle ?<\/strong><span class=\"ez-toc-section-end\"><\/span><\/h3>\n\n\n\n<p>Dans un monde o\u00f9 les consommateurs sont de plus en plus m\u00e9fiants face aux discours marketing, l\u2019authenticit\u00e9 devient un <strong>facteur de diff\u00e9renciation majeur<\/strong>. \u00catre vrai, c\u2019est oser montrer ses forces, mais aussi ses vuln\u00e9rabilit\u00e9s, ses apprentissages, ses doutes.<\/p>\n\n\n\n<p>Une marque personnelle authentique g\u00e9n\u00e8re une <strong>confiance durable<\/strong>, car elle repose sur la transparence, la constance et la sinc\u00e9rit\u00e9. Elle attire des personnes qui partagent vos valeurs et qui croient en ce que vous repr\u00e9sentez.<\/p>\n\n\n\n<p>\u00catre authentique ne veut pas dire tout d\u00e9voiler de sa vie priv\u00e9e, mais plut\u00f4t <strong>\u00eatre align\u00e9 entre ce que vous dites, ce que vous montrez, et ce que vous \u00eates vraiment<\/strong>.<\/p>\n\n\n\n<h3 class=\"wp-block-heading\"><span class=\"ez-toc-section\" id=\"Comment_incarner_une_marque_qui_vous_ressemble\"><\/span><strong>Comment incarner une marque qui vous ressemble ?<\/strong><span class=\"ez-toc-section-end\"><\/span><\/h3>\n\n\n\n<p>Pour construire une marque personnelle sinc\u00e8re, commencez par <strong>identifier vos vraies motivations<\/strong> : pourquoi vous faites ce que vous faites ? Quelle est votre mission ? Quelles sont les causes qui vous tiennent \u00e0 c\u0153ur ?<\/p>\n\n\n\n<p>Ensuite, traduisez cela dans vos contenus, vos \u00e9changes, vos prises de parole. Soyez constant dans votre message, vos actions et vos engagements.<\/p>\n\n\n\n<p>Choisissez un ton qui vous ressemble, utilisez des anecdotes personnelles, racontez votre cheminement. Votre storytelling est un outil puissant pour <strong>cr\u00e9er de l\u2019attachement \u00e9motionnel<\/strong>, bien plus fort qu\u2019un simple argument commercial.<\/p>\n\n\n\n<hr class=\"wp-block-separator has-alpha-channel-opacity\"\/>\n\n\n\n<h2 class=\"wp-block-heading\"><span class=\"ez-toc-section\" id=\"Exemples_inspirants_de_personal_branding_reussi\"><\/span><strong>Exemples inspirants de personal branding r\u00e9ussi<\/strong><span class=\"ez-toc-section-end\"><\/span><\/h2>\n\n\n\n<p>Pour mieux comprendre comment appliquer tous ces concepts, rien de mieux que des <strong>cas concrets<\/strong>. De nombreux professionnels ont su se construire une image forte gr\u00e2ce au personal branding, avec des r\u00e9sultats impressionnants.<\/p>\n\n\n\n<h3 class=\"wp-block-heading\"><span class=\"ez-toc-section\" id=\"Exemples_de_professionnels_qui_se_sont_demarques\"><\/span><strong>Exemples de professionnels qui se sont d\u00e9marqu\u00e9s<\/strong><span class=\"ez-toc-section-end\"><\/span><\/h3>\n\n\n\n<ol class=\"wp-block-list\">\n<li><strong>Gary Vaynerchuk<\/strong> \u2013 Entrepreneur et investisseur connu mondialement, il a b\u00e2ti son personal branding autour de la transparence, de la motivation et du contenu en continu. Il partage tout : conseils, r\u00e9ussites, erreurs, parcours. R\u00e9sultat : une communaut\u00e9 de millions de fans et des opportunit\u00e9s illimit\u00e9es.<\/li>\n\n\n\n<li><strong>Pauline Laigneau<\/strong> \u2013 Fondatrice de Gemmyo, elle a renforc\u00e9 sa marque personnelle \u00e0 travers son podcast &#8220;Le Gratin&#8221;, o\u00f9 elle interviewe des profils inspirants. Elle s\u2019est positionn\u00e9e comme une entrepreneure accessible et passionn\u00e9e, bien au-del\u00e0 de sa marque de bijoux.<\/li>\n\n\n\n<li><strong>St\u00e9phanie de Somewhere Daily<\/strong> \u2013 Une cr\u00e9atrice de contenu qui partage son quotidien de freelance avec humour et authenticit\u00e9 sur Instagram. Elle a transform\u00e9 son audience en vraie communaut\u00e9, et re\u00e7oit r\u00e9guli\u00e8rement des propositions de collaboration.<\/li>\n<\/ol>\n\n\n\n<h3 class=\"wp-block-heading\"><span class=\"ez-toc-section\" id=\"Ce_quon_peut_apprendre_de_leur_approche\"><\/span><strong>Ce qu\u2019on peut apprendre de leur approche<\/strong><span class=\"ez-toc-section-end\"><\/span><\/h3>\n\n\n\n<p>Tous ces exemples montrent qu\u2019il n\u2019y a pas de mod\u00e8le unique. Le point commun ? Une <strong>vision claire<\/strong>, une <strong>pr\u00e9sence constante<\/strong>, et surtout une <strong>authenticit\u00e9 d\u00e9sarmante<\/strong>.<\/p>\n\n\n\n<p>Ils ont su transformer leur personnalit\u00e9 en force de communication, leur parcours en storytelling, et leur expertise en levier d\u2019influence. \u00c0 vous maintenant de vous en inspirer pour cr\u00e9er une <strong>strat\u00e9gie sur-mesure<\/strong>, align\u00e9e avec qui vous \u00eates.<\/p>\n\n\n\n<h2 class=\"wp-block-heading\"><span class=\"ez-toc-section\" id=\"Strategie_de_personal_branding_construire_pour_durer\"><\/span><strong>Strat\u00e9gie de personal branding : construire pour durer<\/strong><span class=\"ez-toc-section-end\"><\/span><\/h2>\n\n\n\n<p>Un bon personal branding ne s\u2019improvise pas. Il demande de la clart\u00e9, de la rigueur et surtout une vision long terme. Construire une image forte, c\u2019est bien. La faire durer et l\u2019adapter \u00e0 l\u2019\u00e9volution de votre carri\u00e8re, c\u2019est encore mieux. Il s\u2019agit ici d\u2019\u00e9laborer une <strong>strat\u00e9gie coh\u00e9rente et durable<\/strong>, qui vous accompagnera au fil des ann\u00e9es.<\/p>\n\n\n\n<h3 class=\"wp-block-heading\"><span class=\"ez-toc-section\" id=\"Les_piliers_dune_strategie_solide\"><\/span><strong>Les piliers d\u2019une strat\u00e9gie solide<\/strong><span class=\"ez-toc-section-end\"><\/span><\/h3>\n\n\n\n<ol class=\"wp-block-list\">\n<li><strong>La clart\u00e9<\/strong> : D\u00e9finissez une fois pour toutes vos objectifs. Pourquoi d\u00e9veloppez-vous votre personal branding ? Pour obtenir un job ? Trouver des clients ? \u00catre reconnu comme expert ?<\/li>\n\n\n\n<li><strong>La coh\u00e9rence<\/strong> : Une strat\u00e9gie gagnante repose sur la r\u00e9gularit\u00e9 du message. Vos valeurs doivent transpara\u00eetre dans chaque publication, chaque interaction.<\/li>\n\n\n\n<li><strong>La pr\u00e9sence<\/strong> : Restez actif sur les bons canaux. Ne laissez pas vos profils inactifs. Partagez, commentez, interagissez.<\/li>\n\n\n\n<li><strong>L\u2019analyse<\/strong> : Suivez vos r\u00e9sultats. Quels contenus fonctionnent ? Quels retours recevez-vous ? Ajustez votre strat\u00e9gie en fonction.<\/li>\n<\/ol>\n\n\n\n<p>Une bonne strat\u00e9gie de personal branding, c\u2019est un savant m\u00e9lange de <strong>structure<\/strong> et <strong>d\u2019authenticit\u00e9<\/strong>, de <strong>vision<\/strong> et <strong>d\u2019adaptabilit\u00e9<\/strong>.<\/p>\n\n\n\n<h3 class=\"wp-block-heading\"><span class=\"ez-toc-section\" id=\"Eviter_les_erreurs_classiques\"><\/span><strong>\u00c9viter les erreurs classiques<\/strong><span class=\"ez-toc-section-end\"><\/span><\/h3>\n\n\n\n<ul class=\"wp-block-list\">\n<li><strong>Vouloir plaire \u00e0 tout le monde<\/strong> : C\u2019est impossible. Assumez votre positionnement.<\/li>\n\n\n\n<li><strong>Se disperser sur tous les r\u00e9seaux<\/strong> : Mieux vaut \u00eatre excellent sur un r\u00e9seau que moyen partout.<\/li>\n\n\n\n<li><strong>Se montrer parfait<\/strong> : Le public se connecte \u00e0 votre humanit\u00e9, pas \u00e0 une image lisse.<\/li>\n\n\n\n<li><strong>Copier les autres<\/strong> : Inspirez-vous, oui. Copiez, non. Vous devez d\u00e9velopper votre propre empreinte.<\/li>\n<\/ul>\n\n\n\n<hr class=\"wp-block-separator has-alpha-channel-opacity\"\/>\n\n\n\n<h2 class=\"wp-block-heading\"><span class=\"ez-toc-section\" id=\"Les_etapes_concretes_pour_construire_son_personal_branding\"><\/span><strong>Les \u00e9tapes concr\u00e8tes pour construire son personal branding<\/strong><span class=\"ez-toc-section-end\"><\/span><\/h2>\n\n\n\n<p>Se lancer dans le branding personnel peut faire peur. Pourtant, en suivant les \u00e9tapes une \u00e0 une, vous verrez que le processus est \u00e0 la fois clair et motivant. Voici un <strong>plan d\u2019action en 6 \u00e9tapes<\/strong> pour vous guider.<\/p>\n\n\n\n<h3 class=\"wp-block-heading\"><span class=\"ez-toc-section\" id=\"Etapes_pour_construire_votre_personal_branding\"><\/span><strong>\u00c9tapes pour construire votre personal branding<\/strong><span class=\"ez-toc-section-end\"><\/span><\/h3>\n\n\n\n<ol class=\"wp-block-list\">\n<li><strong>Faites un audit personnel<\/strong> : Quels sont vos talents ? Vos r\u00e9ussites ? Vos passions ? Vos valeurs ?<\/li>\n\n\n\n<li><strong>D\u00e9finissez votre positionnement<\/strong> : Quelle est votre promesse ? En quoi \u00eates-vous diff\u00e9rent ?<\/li>\n\n\n\n<li><strong>Choisissez vos canaux d\u2019expression<\/strong> : LinkedIn, blog, podcast, vid\u00e9os\u2026 trouvez ce qui vous correspond.<\/li>\n\n\n\n<li><strong>Cr\u00e9ez du contenu de qualit\u00e9<\/strong> : Apportez de la valeur, donnez, \u00e9duquez, racontez.<\/li>\n\n\n\n<li><strong>Interagissez avec votre communaut\u00e9<\/strong> : R\u00e9pondez aux commentaires, remerciez, cr\u00e9ez des liens.<\/li>\n\n\n\n<li><strong>Soyez constant et patient<\/strong> : Les r\u00e9sultats viendront avec la r\u00e9gularit\u00e9.<\/li>\n<\/ol>\n\n\n\n<p>Ce plan simple mais puissant vous aidera \u00e0 <strong>b\u00e2tir une marque personnelle forte<\/strong>, align\u00e9e avec vos aspirations profondes.<\/p>\n\n\n\n<hr class=\"wp-block-separator has-alpha-channel-opacity\"\/>\n\n\n\n<h2 class=\"wp-block-heading\"><span class=\"ez-toc-section\" id=\"Differencier_sa_marque_personnelle_de_la_concurrence\"><\/span><strong>Diff\u00e9rencier sa marque personnelle de la concurrence<\/strong><span class=\"ez-toc-section-end\"><\/span><\/h2>\n\n\n\n<p>M\u00eame dans des secteurs tr\u00e8s concurrentiels, il est tout \u00e0 fait possible de <strong>trouver sa place<\/strong>. La cl\u00e9 r\u00e9side dans la <strong>diff\u00e9renciation intelligente<\/strong> : savoir qui vous \u00eates, ce que vous apportez, et pourquoi on devrait vous choisir, vous.<\/p>\n\n\n\n<h3 class=\"wp-block-heading\"><span class=\"ez-toc-section\" id=\"Definir_sa_valeur_ajoutee\"><\/span><strong>D\u00e9finir sa valeur ajout\u00e9e<\/strong><span class=\"ez-toc-section-end\"><\/span><\/h3>\n\n\n\n<p>Demandez-vous : qu\u2019apportez-vous que les autres n\u2019apportent pas ? Cela peut \u00eatre :<\/p>\n\n\n\n<ul class=\"wp-block-list\">\n<li>Une m\u00e9thode originale<\/li>\n\n\n\n<li>Une approche plus humaine<\/li>\n\n\n\n<li>Une sp\u00e9cialisation de niche<\/li>\n\n\n\n<li>Une exp\u00e9rience de terrain unique<\/li>\n\n\n\n<li>Un ton de communication distinctif<\/li>\n<\/ul>\n\n\n\n<p>En mettant ces \u00e9l\u00e9ments en lumi\u00e8re, vous vous positionnez comme <strong>l\u2019alternative de choix<\/strong>, et non une \u00e9ni\u00e8me option dans la masse.<\/p>\n\n\n\n<h3 class=\"wp-block-heading\"><span class=\"ez-toc-section\" id=\"Construire_une_proposition_de_valeur_claire\"><\/span><strong>Construire une proposition de valeur claire<\/strong><span class=\"ez-toc-section-end\"><\/span><\/h3>\n\n\n\n<p>Votre proposition de valeur est votre promesse unique. Elle doit r\u00e9pondre \u00e0 une probl\u00e9matique de votre audience, de mani\u00e8re concise et impactante.<\/p>\n\n\n\n<p>Exemple : \u201cJ\u2019aide les freelances \u00e0 doubler leur chiffre d\u2019affaires gr\u00e2ce \u00e0 LinkedIn, sans publicit\u00e9.\u201d<\/p>\n\n\n\n<p>Une fois cette promesse \u00e9tablie, d\u00e9clinez-la partout : bio LinkedIn, pitch, portfolio, contenu. Cela deviendra votre signature.<\/p>\n\n\n\n<hr class=\"wp-block-separator has-alpha-channel-opacity\"\/>\n\n\n\n<h2 class=\"wp-block-heading\"><span class=\"ez-toc-section\" id=\"Comment_mesurer_lefficacite_de_son_branding_de_marque\"><\/span><strong>Comment mesurer l\u2019efficacit\u00e9 de son branding de marque ?<\/strong><span class=\"ez-toc-section-end\"><\/span><\/h2>\n\n\n\n<p>Un bon branding se mesure. Pas seulement en likes ou en followers, mais en <strong>impact r\u00e9el sur vos objectifs professionnels<\/strong>. Il est essentiel de suivre des indicateurs concrets pour savoir si votre image fonctionne et \u00e9volue dans le bon sens.<\/p>\n\n\n\n<h3 class=\"wp-block-heading\"><span class=\"ez-toc-section\" id=\"Indicateurs_a_suivre\"><\/span><strong>Indicateurs \u00e0 suivre<\/strong><span class=\"ez-toc-section-end\"><\/span><\/h3>\n\n\n\n<ul class=\"wp-block-list\">\n<li><strong>Visibilit\u00e9<\/strong> : votre notori\u00e9t\u00e9 augmente-t-elle ? \u00cates-vous cit\u00e9, invit\u00e9, reconnu ?<\/li>\n\n\n\n<li><strong>Engagement<\/strong> : vos contenus suscitent-ils des interactions de qualit\u00e9 ?<\/li>\n\n\n\n<li><strong>Conversion<\/strong> : avez-vous plus de clients, de propositions, d\u2019opportunit\u00e9s ?<\/li>\n\n\n\n<li><strong>Fid\u00e9lit\u00e9<\/strong> : votre communaut\u00e9 vous suit-elle dans le temps ?<\/li>\n\n\n\n<li><strong>Coh\u00e9rence<\/strong> : votre image est-elle per\u00e7ue comme vous le souhaitez ?<\/li>\n<\/ul>\n\n\n\n<p>Ces \u00e9l\u00e9ments permettent d\u2019ajuster votre strat\u00e9gie et de renforcer votre <strong>positionnement sur le long terme<\/strong>.<\/p>\n\n\n\n<h3 class=\"wp-block-heading\"><span class=\"ez-toc-section\" id=\"Outils_utiles_pour_analyser_votre_branding\"><\/span><strong>Outils utiles pour analyser votre branding<\/strong><span class=\"ez-toc-section-end\"><\/span><\/h3>\n\n\n\n<ul class=\"wp-block-list\">\n<li><strong>Google Analytics<\/strong> : pour suivre le trafic vers votre site.<\/li>\n\n\n\n<li><strong>LinkedIn Analytics<\/strong> : pour analyser vos posts et la croissance de votre r\u00e9seau.<\/li>\n\n\n\n<li><strong>Outils de veille<\/strong> comme Mention ou Talkwalker : pour voir si votre nom circule.<\/li>\n\n\n\n<li><strong>Sondages aupr\u00e8s de votre communaut\u00e9<\/strong> : pour conna\u00eetre la perception de votre image.<\/li>\n<\/ul>\n\n\n\n<p>Le branding n\u2019est pas fig\u00e9. Il \u00e9volue avec vous. Mesurez, analysez, ajustez.<\/p>\n\n\n\n<hr class=\"wp-block-separator has-alpha-channel-opacity\"\/>\n\n\n\n<h2 class=\"wp-block-heading\"><span class=\"ez-toc-section\" id=\"Conclusion_devenez_votre_propre_marque\"><\/span><strong>Conclusion : devenez votre propre marque<\/strong><span class=\"ez-toc-section-end\"><\/span><\/h2>\n\n\n\n<p>D\u00e9velopper son branding de marque, c\u2019est un <strong>voyage passionnant<\/strong> vers plus de clart\u00e9, d\u2019impact, et de coh\u00e9rence dans sa vie professionnelle. Ce n\u2019est pas un luxe r\u00e9serv\u00e9 aux grandes entreprises ou aux influenceurs. C\u2019est un <strong>levier accessible \u00e0 tous<\/strong>, \u00e0 condition de s\u2019y engager avec sinc\u00e9rit\u00e9 et m\u00e9thode.<\/p>\n\n\n\n<p>En investissant dans votre personal branding, vous vous donnez les moyens de :<\/p>\n\n\n\n<ul class=\"wp-block-list\">\n<li>Vous faire conna\u00eetre sans forcer<\/li>\n\n\n\n<li>Attirer les bonnes personnes<\/li>\n\n\n\n<li>Cr\u00e9er une carri\u00e8re sur mesure<\/li>\n\n\n\n<li>Inspirer confiance et respect<\/li>\n<\/ul>\n\n\n\n<p>Commencez petit, mais commencez aujourd\u2019hui. Votre voix compte. Votre histoire a de la valeur. Et votre marque, c\u2019est <strong>le reflet fid\u00e8le de qui vous \u00eates<\/strong>.<\/p>\n\n\n\n<hr class=\"wp-block-separator has-alpha-channel-opacity\"\/>\n\n\n\n<h2 class=\"wp-block-heading\"><span class=\"ez-toc-section\" id=\"FAQ_Questions_frequentes_sur_le_personal_branding\"><\/span><strong>FAQ : Questions fr\u00e9quentes sur le personal branding<\/strong><span class=\"ez-toc-section-end\"><\/span><\/h2>\n\n\n\n<p><strong>1. Le personal branding est-il utile pour un salari\u00e9 ?<\/strong><br>Oui, absolument. Il vous aide \u00e0 vous positionner comme un expert dans votre domaine, \u00e0 gagner en visibilit\u00e9 en interne et en externe, et \u00e0 acc\u00e9l\u00e9rer votre carri\u00e8re.<\/p>\n\n\n\n<p><strong>2. Combien de temps faut-il pour voir des r\u00e9sultats avec le personal branding ?<\/strong><br>Il faut compter plusieurs mois pour observer des effets concrets, mais d\u00e8s les premi\u00e8res semaines, vous pouvez commencer \u00e0 sentir un changement dans votre image per\u00e7ue.<\/p>\n\n\n\n<p><strong>3. Peut-on faire du personal branding sans \u00eatre sur les r\u00e9seaux sociaux ?<\/strong><br>C\u2019est possible, mais plus difficile. Les r\u00e9seaux permettent d\u2019amplifier rapidement votre voix. Un blog, une newsletter ou des conf\u00e9rences peuvent aussi \u00eatre des leviers efficaces.<\/p>\n\n\n\n<p><strong>4. Faut-il parler de sa vie personnelle dans son personal branding ?<\/strong><br>Non, sauf si cela sert votre message. Ce n\u2019est pas l\u2019intimit\u00e9 qui compte, mais <strong>l\u2019authenticit\u00e9<\/strong>. Restez vous-m\u00eame tout en gardant une ligne \u00e9ditoriale professionnelle.<\/p>\n\n\n\n<p><strong>5. Quelle est la plus grosse erreur \u00e0 \u00e9viter ?<\/strong><br>Vouloir copier quelqu\u2019un d\u2019autre. Le personal branding fonctionne quand il est sinc\u00e8re, align\u00e9 avec vos valeurs, et incarn\u00e9. Soyez strat\u00e9gique, mais restez fid\u00e8le \u00e0 vous-m\u00eame.<\/p>\n","protected":false},"excerpt":{"rendered":"<p>Qu\u2019est-ce que le branding de marque ? Avant de construire une strat\u00e9gie, il est essentiel de comprendre ce que signifie r\u00e9ellement le branding de marque. Trop souvent r\u00e9duit \u00e0 des \u00e9l\u00e9ments visuels, le branding va bien au-del\u00e0. Il s\u2019agit d\u2019un outil strat\u00e9gique puissant qui permet de fa\u00e7onner la perception qu\u2019a le public d\u2019une entreprise ou [&hellip;]<\/p>\n","protected":false},"author":1,"featured_media":0,"comment_status":"closed","ping_status":"open","sticky":false,"template":"","format":"standard","meta":{"footnotes":""},"categories":[29,19],"tags":[],"class_list":["post-1465","post","type-post","status-publish","format-standard","hentry","category-branding","category-strategie-marketing"],"yoast_head":"<!-- This site is optimized with the Yoast SEO plugin v27.0 - https:\/\/yoast.com\/product\/yoast-seo-wordpress\/ -->\n<title>D\u00e9velopper son branding de marque : Comprendre et mettre en pratique - Jasmine Seghiri<\/title>\n<meta name=\"description\" content=\"D\u00e9couvrez comment d\u00e9velopper votre branding de marque gr\u00e2ce au personal branding. Apprenez \u00e0 construire une image forte, vous d\u00e9marquer sur les r\u00e9seaux sociaux et booster votre carri\u00e8re avec une strat\u00e9gie de marque personnelle efficace.\" \/>\n<meta name=\"robots\" content=\"index, follow, max-snippet:-1, max-image-preview:large, max-video-preview:-1\" \/>\n<link rel=\"canonical\" href=\"https:\/\/jasmineseghiri.fr\/index.php\/2025\/04\/16\/developper-son-branding-de-marque-comprendre-et-mettre-en-pratique-2\/\" \/>\n<meta property=\"og:locale\" content=\"en_US\" \/>\n<meta property=\"og:type\" content=\"article\" \/>\n<meta property=\"og:title\" content=\"D\u00e9velopper son branding de marque : Comprendre et mettre en pratique - Jasmine Seghiri\" \/>\n<meta property=\"og:description\" content=\"D\u00e9couvrez comment d\u00e9velopper votre branding de marque gr\u00e2ce au personal branding. Apprenez \u00e0 construire une image forte, vous d\u00e9marquer sur les r\u00e9seaux sociaux et booster votre carri\u00e8re avec une strat\u00e9gie de marque personnelle efficace.\" \/>\n<meta property=\"og:url\" content=\"https:\/\/jasmineseghiri.fr\/index.php\/2025\/04\/16\/developper-son-branding-de-marque-comprendre-et-mettre-en-pratique-2\/\" \/>\n<meta property=\"og:site_name\" content=\"Jasmine Seghiri\" \/>\n<meta property=\"article:published_time\" content=\"2025-04-16T13:56:25+00:00\" \/>\n<meta property=\"article:modified_time\" content=\"2025-04-19T09:35:21+00:00\" \/>\n<meta property=\"og:image\" content=\"http:\/\/jasmineseghiri.fr\/wp-content\/uploads\/2025\/04\/Design-sans-titre.jpg\" \/>\n\t<meta property=\"og:image:width\" content=\"1200\" \/>\n\t<meta property=\"og:image:height\" content=\"600\" \/>\n\t<meta property=\"og:image:type\" content=\"image\/jpeg\" \/>\n<meta name=\"author\" content=\"admin3280\" \/>\n<meta name=\"twitter:card\" content=\"summary_large_image\" \/>\n<meta name=\"twitter:label1\" content=\"Written by\" \/>\n\t<meta name=\"twitter:data1\" content=\"admin3280\" \/>\n\t<meta name=\"twitter:label2\" content=\"Est. reading time\" \/>\n\t<meta name=\"twitter:data2\" content=\"18 minutes\" \/>\n<script type=\"application\/ld+json\" class=\"yoast-schema-graph\">{\"@context\":\"https:\/\/schema.org\",\"@graph\":[{\"@type\":\"Article\",\"@id\":\"https:\/\/jasmineseghiri.fr\/index.php\/2025\/04\/16\/developper-son-branding-de-marque-comprendre-et-mettre-en-pratique-2\/#article\",\"isPartOf\":{\"@id\":\"https:\/\/jasmineseghiri.fr\/index.php\/2025\/04\/16\/developper-son-branding-de-marque-comprendre-et-mettre-en-pratique-2\/\"},\"author\":{\"name\":\"admin3280\",\"@id\":\"https:\/\/jasmineseghiri.fr\/#\/schema\/person\/dcbd245522815d4f09a850f2d59b177a\"},\"headline\":\"D\u00e9velopper son branding de marque : Comprendre et mettre en pratique\",\"datePublished\":\"2025-04-16T13:56:25+00:00\",\"dateModified\":\"2025-04-19T09:35:21+00:00\",\"mainEntityOfPage\":{\"@id\":\"https:\/\/jasmineseghiri.fr\/index.php\/2025\/04\/16\/developper-son-branding-de-marque-comprendre-et-mettre-en-pratique-2\/\"},\"wordCount\":3746,\"publisher\":{\"@id\":\"https:\/\/jasmineseghiri.fr\/#organization\"},\"articleSection\":[\"Branding\",\"Strat\u00e9gie Marketing\"],\"inLanguage\":\"en-US\"},{\"@type\":\"WebPage\",\"@id\":\"https:\/\/jasmineseghiri.fr\/index.php\/2025\/04\/16\/developper-son-branding-de-marque-comprendre-et-mettre-en-pratique-2\/\",\"url\":\"https:\/\/jasmineseghiri.fr\/index.php\/2025\/04\/16\/developper-son-branding-de-marque-comprendre-et-mettre-en-pratique-2\/\",\"name\":\"D\u00e9velopper son branding de marque : Comprendre et mettre en pratique - Jasmine Seghiri\",\"isPartOf\":{\"@id\":\"https:\/\/jasmineseghiri.fr\/#website\"},\"datePublished\":\"2025-04-16T13:56:25+00:00\",\"dateModified\":\"2025-04-19T09:35:21+00:00\",\"description\":\"D\u00e9couvrez comment d\u00e9velopper votre branding de marque gr\u00e2ce au personal branding. Apprenez \u00e0 construire une image forte, vous d\u00e9marquer sur les r\u00e9seaux sociaux et booster votre carri\u00e8re avec une strat\u00e9gie de marque personnelle efficace.\",\"breadcrumb\":{\"@id\":\"https:\/\/jasmineseghiri.fr\/index.php\/2025\/04\/16\/developper-son-branding-de-marque-comprendre-et-mettre-en-pratique-2\/#breadcrumb\"},\"inLanguage\":\"en-US\",\"potentialAction\":[{\"@type\":\"ReadAction\",\"target\":[\"https:\/\/jasmineseghiri.fr\/index.php\/2025\/04\/16\/developper-son-branding-de-marque-comprendre-et-mettre-en-pratique-2\/\"]}]},{\"@type\":\"BreadcrumbList\",\"@id\":\"https:\/\/jasmineseghiri.fr\/index.php\/2025\/04\/16\/developper-son-branding-de-marque-comprendre-et-mettre-en-pratique-2\/#breadcrumb\",\"itemListElement\":[{\"@type\":\"ListItem\",\"position\":1,\"name\":\"Accueil\",\"item\":\"https:\/\/jasmineseghiri.fr\/\"},{\"@type\":\"ListItem\",\"position\":2,\"name\":\"D\u00e9velopper son branding de marque : Comprendre et mettre en pratique\"}]},{\"@type\":\"WebSite\",\"@id\":\"https:\/\/jasmineseghiri.fr\/#website\",\"url\":\"https:\/\/jasmineseghiri.fr\/\",\"name\":\"Jasmine Seghiri\",\"description\":\"\u00c9tudiante en marketing digital &amp; Social M\u00e9dia\",\"publisher\":{\"@id\":\"https:\/\/jasmineseghiri.fr\/#organization\"},\"potentialAction\":[{\"@type\":\"SearchAction\",\"target\":{\"@type\":\"EntryPoint\",\"urlTemplate\":\"https:\/\/jasmineseghiri.fr\/?s={search_term_string}\"},\"query-input\":{\"@type\":\"PropertyValueSpecification\",\"valueRequired\":true,\"valueName\":\"search_term_string\"}}],\"inLanguage\":\"en-US\"},{\"@type\":\"Organization\",\"@id\":\"https:\/\/jasmineseghiri.fr\/#organization\",\"name\":\"Jasmine Seghiri\",\"url\":\"https:\/\/jasmineseghiri.fr\/\",\"logo\":{\"@type\":\"ImageObject\",\"inLanguage\":\"en-US\",\"@id\":\"https:\/\/jasmineseghiri.fr\/#\/schema\/logo\/image\/\",\"url\":\"https:\/\/jasmineseghiri.fr\/wp-content\/uploads\/2024\/02\/cropped-Branding-19-1.png\",\"contentUrl\":\"https:\/\/jasmineseghiri.fr\/wp-content\/uploads\/2024\/02\/cropped-Branding-19-1.png\",\"width\":4267,\"height\":1694,\"caption\":\"Jasmine Seghiri\"},\"image\":{\"@id\":\"https:\/\/jasmineseghiri.fr\/#\/schema\/logo\/image\/\"}},{\"@type\":\"Person\",\"@id\":\"https:\/\/jasmineseghiri.fr\/#\/schema\/person\/dcbd245522815d4f09a850f2d59b177a\",\"name\":\"admin3280\",\"image\":{\"@type\":\"ImageObject\",\"inLanguage\":\"en-US\",\"@id\":\"https:\/\/jasmineseghiri.fr\/#\/schema\/person\/image\/\",\"url\":\"https:\/\/secure.gravatar.com\/avatar\/435711f943725cdc0fd9cc80186f96bf872282ec969d63016ecada2edc330eb2?s=96&d=mm&r=g\",\"contentUrl\":\"https:\/\/secure.gravatar.com\/avatar\/435711f943725cdc0fd9cc80186f96bf872282ec969d63016ecada2edc330eb2?s=96&d=mm&r=g\",\"caption\":\"admin3280\"},\"sameAs\":[\"http:\/\/jasmineseghiri.fr\"],\"url\":\"https:\/\/jasmineseghiri.fr\/index.php\/author\/admin3280\/\"}]}<\/script>\n<!-- \/ Yoast SEO plugin. -->","yoast_head_json":{"title":"D\u00e9velopper son branding de marque : Comprendre et mettre en pratique - Jasmine Seghiri","description":"D\u00e9couvrez comment d\u00e9velopper votre branding de marque gr\u00e2ce au personal branding. Apprenez \u00e0 construire une image forte, vous d\u00e9marquer sur les r\u00e9seaux sociaux et booster votre carri\u00e8re avec une strat\u00e9gie de marque personnelle efficace.","robots":{"index":"index","follow":"follow","max-snippet":"max-snippet:-1","max-image-preview":"max-image-preview:large","max-video-preview":"max-video-preview:-1"},"canonical":"https:\/\/jasmineseghiri.fr\/index.php\/2025\/04\/16\/developper-son-branding-de-marque-comprendre-et-mettre-en-pratique-2\/","og_locale":"en_US","og_type":"article","og_title":"D\u00e9velopper son branding de marque : Comprendre et mettre en pratique - Jasmine Seghiri","og_description":"D\u00e9couvrez comment d\u00e9velopper votre branding de marque gr\u00e2ce au personal branding. Apprenez \u00e0 construire une image forte, vous d\u00e9marquer sur les r\u00e9seaux sociaux et booster votre carri\u00e8re avec une strat\u00e9gie de marque personnelle efficace.","og_url":"https:\/\/jasmineseghiri.fr\/index.php\/2025\/04\/16\/developper-son-branding-de-marque-comprendre-et-mettre-en-pratique-2\/","og_site_name":"Jasmine Seghiri","article_published_time":"2025-04-16T13:56:25+00:00","article_modified_time":"2025-04-19T09:35:21+00:00","og_image":[{"width":1200,"height":600,"url":"http:\/\/jasmineseghiri.fr\/wp-content\/uploads\/2025\/04\/Design-sans-titre.jpg","type":"image\/jpeg"}],"author":"admin3280","twitter_card":"summary_large_image","twitter_misc":{"Written by":"admin3280","Est. reading time":"18 minutes"},"schema":{"@context":"https:\/\/schema.org","@graph":[{"@type":"Article","@id":"https:\/\/jasmineseghiri.fr\/index.php\/2025\/04\/16\/developper-son-branding-de-marque-comprendre-et-mettre-en-pratique-2\/#article","isPartOf":{"@id":"https:\/\/jasmineseghiri.fr\/index.php\/2025\/04\/16\/developper-son-branding-de-marque-comprendre-et-mettre-en-pratique-2\/"},"author":{"name":"admin3280","@id":"https:\/\/jasmineseghiri.fr\/#\/schema\/person\/dcbd245522815d4f09a850f2d59b177a"},"headline":"D\u00e9velopper son branding de marque : Comprendre et mettre en pratique","datePublished":"2025-04-16T13:56:25+00:00","dateModified":"2025-04-19T09:35:21+00:00","mainEntityOfPage":{"@id":"https:\/\/jasmineseghiri.fr\/index.php\/2025\/04\/16\/developper-son-branding-de-marque-comprendre-et-mettre-en-pratique-2\/"},"wordCount":3746,"publisher":{"@id":"https:\/\/jasmineseghiri.fr\/#organization"},"articleSection":["Branding","Strat\u00e9gie Marketing"],"inLanguage":"en-US"},{"@type":"WebPage","@id":"https:\/\/jasmineseghiri.fr\/index.php\/2025\/04\/16\/developper-son-branding-de-marque-comprendre-et-mettre-en-pratique-2\/","url":"https:\/\/jasmineseghiri.fr\/index.php\/2025\/04\/16\/developper-son-branding-de-marque-comprendre-et-mettre-en-pratique-2\/","name":"D\u00e9velopper son branding de marque : Comprendre et mettre en pratique - Jasmine Seghiri","isPartOf":{"@id":"https:\/\/jasmineseghiri.fr\/#website"},"datePublished":"2025-04-16T13:56:25+00:00","dateModified":"2025-04-19T09:35:21+00:00","description":"D\u00e9couvrez comment d\u00e9velopper votre branding de marque gr\u00e2ce au personal branding. Apprenez \u00e0 construire une image forte, vous d\u00e9marquer sur les r\u00e9seaux sociaux et booster votre carri\u00e8re avec une strat\u00e9gie de marque personnelle efficace.","breadcrumb":{"@id":"https:\/\/jasmineseghiri.fr\/index.php\/2025\/04\/16\/developper-son-branding-de-marque-comprendre-et-mettre-en-pratique-2\/#breadcrumb"},"inLanguage":"en-US","potentialAction":[{"@type":"ReadAction","target":["https:\/\/jasmineseghiri.fr\/index.php\/2025\/04\/16\/developper-son-branding-de-marque-comprendre-et-mettre-en-pratique-2\/"]}]},{"@type":"BreadcrumbList","@id":"https:\/\/jasmineseghiri.fr\/index.php\/2025\/04\/16\/developper-son-branding-de-marque-comprendre-et-mettre-en-pratique-2\/#breadcrumb","itemListElement":[{"@type":"ListItem","position":1,"name":"Accueil","item":"https:\/\/jasmineseghiri.fr\/"},{"@type":"ListItem","position":2,"name":"D\u00e9velopper son branding de marque : Comprendre et mettre en pratique"}]},{"@type":"WebSite","@id":"https:\/\/jasmineseghiri.fr\/#website","url":"https:\/\/jasmineseghiri.fr\/","name":"Jasmine Seghiri","description":"\u00c9tudiante en marketing digital &amp; Social M\u00e9dia","publisher":{"@id":"https:\/\/jasmineseghiri.fr\/#organization"},"potentialAction":[{"@type":"SearchAction","target":{"@type":"EntryPoint","urlTemplate":"https:\/\/jasmineseghiri.fr\/?s={search_term_string}"},"query-input":{"@type":"PropertyValueSpecification","valueRequired":true,"valueName":"search_term_string"}}],"inLanguage":"en-US"},{"@type":"Organization","@id":"https:\/\/jasmineseghiri.fr\/#organization","name":"Jasmine Seghiri","url":"https:\/\/jasmineseghiri.fr\/","logo":{"@type":"ImageObject","inLanguage":"en-US","@id":"https:\/\/jasmineseghiri.fr\/#\/schema\/logo\/image\/","url":"https:\/\/jasmineseghiri.fr\/wp-content\/uploads\/2024\/02\/cropped-Branding-19-1.png","contentUrl":"https:\/\/jasmineseghiri.fr\/wp-content\/uploads\/2024\/02\/cropped-Branding-19-1.png","width":4267,"height":1694,"caption":"Jasmine Seghiri"},"image":{"@id":"https:\/\/jasmineseghiri.fr\/#\/schema\/logo\/image\/"}},{"@type":"Person","@id":"https:\/\/jasmineseghiri.fr\/#\/schema\/person\/dcbd245522815d4f09a850f2d59b177a","name":"admin3280","image":{"@type":"ImageObject","inLanguage":"en-US","@id":"https:\/\/jasmineseghiri.fr\/#\/schema\/person\/image\/","url":"https:\/\/secure.gravatar.com\/avatar\/435711f943725cdc0fd9cc80186f96bf872282ec969d63016ecada2edc330eb2?s=96&d=mm&r=g","contentUrl":"https:\/\/secure.gravatar.com\/avatar\/435711f943725cdc0fd9cc80186f96bf872282ec969d63016ecada2edc330eb2?s=96&d=mm&r=g","caption":"admin3280"},"sameAs":["http:\/\/jasmineseghiri.fr"],"url":"https:\/\/jasmineseghiri.fr\/index.php\/author\/admin3280\/"}]}},"_links":{"self":[{"href":"https:\/\/jasmineseghiri.fr\/index.php\/wp-json\/wp\/v2\/posts\/1465","targetHints":{"allow":["GET"]}}],"collection":[{"href":"https:\/\/jasmineseghiri.fr\/index.php\/wp-json\/wp\/v2\/posts"}],"about":[{"href":"https:\/\/jasmineseghiri.fr\/index.php\/wp-json\/wp\/v2\/types\/post"}],"author":[{"embeddable":true,"href":"https:\/\/jasmineseghiri.fr\/index.php\/wp-json\/wp\/v2\/users\/1"}],"replies":[{"embeddable":true,"href":"https:\/\/jasmineseghiri.fr\/index.php\/wp-json\/wp\/v2\/comments?post=1465"}],"version-history":[{"count":2,"href":"https:\/\/jasmineseghiri.fr\/index.php\/wp-json\/wp\/v2\/posts\/1465\/revisions"}],"predecessor-version":[{"id":1492,"href":"https:\/\/jasmineseghiri.fr\/index.php\/wp-json\/wp\/v2\/posts\/1465\/revisions\/1492"}],"wp:attachment":[{"href":"https:\/\/jasmineseghiri.fr\/index.php\/wp-json\/wp\/v2\/media?parent=1465"}],"wp:term":[{"taxonomy":"category","embeddable":true,"href":"https:\/\/jasmineseghiri.fr\/index.php\/wp-json\/wp\/v2\/categories?post=1465"},{"taxonomy":"post_tag","embeddable":true,"href":"https:\/\/jasmineseghiri.fr\/index.php\/wp-json\/wp\/v2\/tags?post=1465"}],"curies":[{"name":"wp","href":"https:\/\/api.w.org\/{rel}","templated":true}]}}